{"id":8982,"date":"2026-05-03T06:32:53","date_gmt":"2026-05-03T06:32:53","guid":{"rendered":"https:\/\/www.rzemieslnicza.pl\/?p=8982"},"modified":"2026-05-03T06:32:53","modified_gmt":"2026-05-03T06:32:53","slug":"nie-dla-hazardu-w-rzemieslniczej","status":"publish","type":"post","link":"https:\/\/www.rzemieslnicza.pl\/uk\/ogolne\/nie-dla-hazardu-w-rzemieslniczej\/","title":{"rendered":"NIE dla hazardu w Rzemie\u015blniczej!"},"content":{"rendered":"<p>29 kwietnia w naszej szkole odby\u0142o si\u0119 spotkanie w ramach akcji ,<strong>&#8220;Hazard? Nie daj si\u0119 wci\u0105gn\u0105\u0107&#8221;<\/strong>. Trenerzy\u00a0 Krajowej Agencji Skarbowej zapoznali a tak\u017ce ostrzegli\u00a0 m\u0142odzie\u017c przed niebezpiecze\u0144stwem jakie wi\u0105\u017ce si\u0119 z udzia\u0142em w nielegalnych grach hazardowych. Zwr\u00f3cili r\u00f3wnie\u017c uwag\u0119 na problemy, kt\u00f3re wynikaj\u0105 z nadmiernego korzystania przez dzieci i m\u0142odzie\u017c z gier komputerowych, takie jak uzale\u017cnienie czy wyizolowanie spo\u0142eczne.<\/p>\n<p>Nie bez znaczenia pozostaj\u0105 te\u017c emocje gracza zwi\u0105zane z\u00a0rywalizacj\u0105. To wszystko sprawia, \u017ce hazard online, nawet bez pieni\u0119dzy, mo\u017ce by\u0107 przez m\u0142odzie\u017c postrzegany jako wci\u0105gaj\u0105cy i\u00a0ekscytuj\u0105cy. Osoby niepe\u0142noletnie s\u0105 bardziej podatne na negatywne zjawiska p\u0142yn\u0105ce z\u00a0Internetu, w\u00a0tym uzale\u017cnienie od hazardu. Uzale\u017cnienie takie jest chorob\u0105, kt\u00f3rej skutki dotykaj\u0105 nie tylko graczy, ale tak\u017ce ich rodziny i\u00a0najbli\u017cszych.<\/p>\n<p>Mamy nadziej\u0119, \u017ce nasi uczniowie wyci\u0105gn\u0105\u0142 w\u0142a\u015bciwe wnioski z tego warto\u015bciowego spotkania.<\/p>\n<p><img loading=\"lazy\" decoding=\"async\" class=\"alignnone size-large wp-image-8984\" src=\"https:\/\/www.rzemieslnicza.pl\/wp-content\/uploads\/2026\/05\/nie-dla-hazardu-1024x576.jpg\" alt=\"\" width=\"1024\" height=\"576\" srcset=\"https:\/\/www.rzemieslnicza.pl\/wp-content\/uploads\/2026\/05\/nie-dla-hazardu-1024x576.jpg 1024w, https:\/\/www.rzemieslnicza.pl\/wp-content\/uploads\/2026\/05\/nie-dla-hazardu-300x169.jpg 300w, https:\/\/www.rzemieslnicza.pl\/wp-content\/uploads\/2026\/05\/nie-dla-hazardu-768x432.jpg 768w, https:\/\/www.rzemieslnicza.pl\/wp-content\/uploads\/2026\/05\/nie-dla-hazardu-1536x864.jpg 1536w, https:\/\/www.rzemieslnicza.pl\/wp-content\/uploads\/2026\/05\/nie-dla-hazardu-18x10.jpg 18w, https:\/\/www.rzemieslnicza.pl\/wp-content\/uploads\/2026\/05\/nie-dla-hazardu.jpg 2048w\" sizes=\"auto, (max-width: 1024px) 100vw, 1024px\" \/><\/p>","protected":false},"excerpt":{"rendered":"<p>29 kwietnia w naszej szkole odby\u0142o si\u0119 spotkanie w ramach akcji ,&#8220;Hazard? Nie daj si\u0119 wci\u0105gn\u0105\u0107&#8221;. Trenerzy\u00a0 Krajowej Agencji Skarbowej zapoznali a tak\u017ce ostrzegli\u00a0 m\u0142odzie\u017c przed niebezpiecze\u0144stwem [&hellip;]<\/p>\n","protected":false},"author":1,"featured_media":8983,"comment_status":"closed","ping_status":"closed","sticky":false,"template":"","format":"standard","meta":{"footnotes":""},"categories":[1],"tags":[],"class_list":["post-8982","post","type-post","status-publish","format-standard","has-post-thumbnail","hentry","category-ogolne"],"_links":{"self":[{"href":"https:\/\/www.rzemieslnicza.pl\/uk\/wp-json\/wp\/v2\/posts\/8982","targetHints":{"allow":["GET"]}}],"collection":[{"href":"https:\/\/www.rzemieslnicza.pl\/uk\/wp-json\/wp\/v2\/posts"}],"about":[{"href":"https:\/\/www.rzemieslnicza.pl\/uk\/wp-json\/wp\/v2\/types\/post"}],"author":[{"embeddable":true,"href":"https:\/\/www.rzemieslnicza.pl\/uk\/wp-json\/wp\/v2\/users\/1"}],"replies":[{"embeddable":true,"href":"https:\/\/www.rzemieslnicza.pl\/uk\/wp-json\/wp\/v2\/comments?post=8982"}],"version-history":[{"count":1,"href":"https:\/\/www.rzemieslnicza.pl\/uk\/wp-json\/wp\/v2\/posts\/8982\/revisions"}],"predecessor-version":[{"id":8985,"href":"https:\/\/www.rzemieslnicza.pl\/uk\/wp-json\/wp\/v2\/posts\/8982\/revisions\/8985"}],"wp:featuredmedia":[{"embeddable":true,"href":"https:\/\/www.rzemieslnicza.pl\/uk\/wp-json\/wp\/v2\/media\/8983"}],"wp:attachment":[{"href":"https:\/\/www.rzemieslnicza.pl\/uk\/wp-json\/wp\/v2\/media?parent=8982"}],"wp:term":[{"taxonomy":"category","embeddable":true,"href":"https:\/\/www.rzemieslnicza.pl\/uk\/wp-json\/wp\/v2\/categories?post=8982"},{"taxonomy":"post_tag","embeddable":true,"href":"https:\/\/www.rzemieslnicza.pl\/uk\/wp-json\/wp\/v2\/tags?post=8982"}],"curies":[{"name":"wp","href":"https:\/\/api.w.org\/{rel}","templated":true}]}}